{"id":856,"date":"2025-06-04T09:37:26","date_gmt":"2025-06-04T09:37:26","guid":{"rendered":"https:\/\/raadio.elva.ee\/?p=856"},"modified":"2025-06-04T09:37:26","modified_gmt":"2025-06-04T09:37:26","slug":"puvetite-paiv-rongust-rannuni-juba-sellel-laupaeval-uritust-tutvustab-mari-liis-vanaisak","status":"publish","type":"post","link":"https:\/\/raadio.elva.ee\/?p=856","title":{"rendered":"Puvetite P\u00e4iv R\u00f5ngust Rannuni juba sellel laup\u00e4eval. \u00dcritust tutvustab Mari-Liis Vanaisak"},"content":{"rendered":"\n<figure class=\"wp-block-audio\"><audio controls src=\"https:\/\/raadio.elva.ee\/wp-content\/uploads\/2025\/06\/PUHVETITE-PAIV-VAMIS.mp3\"><\/audio><\/figure>\n","protected":false},"excerpt":{"rendered":"","protected":false},"author":2,"featured_media":858,"comment_status":"closed","ping_status":"closed","sticky":false,"template":"","format":"standard","meta":{"footnotes":""},"categories":[1],"tags":[],"class_list":["post-856","post","type-post","status-publish","format-standard","has-post-thumbnail","hentry","category-kultuur"],"_links":{"self":[{"href":"https:\/\/raadio.elva.ee\/index.php?rest_route=\/wp\/v2\/posts\/856","targetHints":{"allow":["GET"]}}],"collection":[{"href":"https:\/\/raadio.elva.ee\/index.php?rest_route=\/wp\/v2\/posts"}],"about":[{"href":"https:\/\/raadio.elva.ee\/index.php?rest_route=\/wp\/v2\/types\/post"}],"author":[{"embeddable":true,"href":"https:\/\/raadio.elva.ee\/index.php?rest_route=\/wp\/v2\/users\/2"}],"replies":[{"embeddable":true,"href":"https:\/\/raadio.elva.ee\/index.php?rest_route=%2Fwp%2Fv2%2Fcomments&post=856"}],"version-history":[{"count":1,"href":"https:\/\/raadio.elva.ee\/index.php?rest_route=\/wp\/v2\/posts\/856\/revisions"}],"predecessor-version":[{"id":859,"href":"https:\/\/raadio.elva.ee\/index.php?rest_route=\/wp\/v2\/posts\/856\/revisions\/859"}],"wp:featuredmedia":[{"embeddable":true,"href":"https:\/\/raadio.elva.ee\/index.php?rest_route=\/wp\/v2\/media\/858"}],"wp:attachment":[{"href":"https:\/\/raadio.elva.ee\/index.php?rest_route=%2Fwp%2Fv2%2Fmedia&parent=856"}],"wp:term":[{"taxonomy":"category","embeddable":true,"href":"https:\/\/raadio.elva.ee\/index.php?rest_route=%2Fwp%2Fv2%2Fcategories&post=856"},{"taxonomy":"post_tag","embeddable":true,"href":"https:\/\/raadio.elva.ee\/index.php?rest_route=%2Fwp%2Fv2%2Ftags&post=856"}],"curies":[{"name":"wp","href":"https:\/\/api.w.org\/{rel}","templated":true}]}}