{"id":836,"date":"2025-04-30T11:25:13","date_gmt":"2025-04-30T11:25:13","guid":{"rendered":"https:\/\/raadio.elva.ee\/?p=836"},"modified":"2025-04-30T11:25:13","modified_gmt":"2025-04-30T11:25:13","slug":"priit-varv-ja-veiki-ojaperv-raagivad-loppenud-kriisireguleerimisoppusest-nimega-kevadmurd-2025","status":"publish","type":"post","link":"https:\/\/raadio.elva.ee\/?p=836","title":{"rendered":"Priit V\u00e4rv ja Veiki Ojaperv r\u00e4\u00e4givad l\u00f5ppenud kriisireguleerimis\u00f5ppusest\u00a0nimega \u201eKevadmurd 2025\u201c"},"content":{"rendered":"\n<figure class=\"wp-block-audio\"><audio controls src=\"https:\/\/raadio.elva.ee\/wp-content\/uploads\/2025\/04\/KRIISIOPPUS-VALMIS.mp3\"><\/audio><\/figure>\n","protected":false},"excerpt":{"rendered":"","protected":false},"author":2,"featured_media":838,"comment_status":"closed","ping_status":"closed","sticky":false,"template":"","format":"standard","meta":{"footnotes":""},"categories":[1],"tags":[],"class_list":["post-836","post","type-post","status-publish","format-standard","has-post-thumbnail","hentry","category-kultuur"],"_links":{"self":[{"href":"https:\/\/raadio.elva.ee\/index.php?rest_route=\/wp\/v2\/posts\/836","targetHints":{"allow":["GET"]}}],"collection":[{"href":"https:\/\/raadio.elva.ee\/index.php?rest_route=\/wp\/v2\/posts"}],"about":[{"href":"https:\/\/raadio.elva.ee\/index.php?rest_route=\/wp\/v2\/types\/post"}],"author":[{"embeddable":true,"href":"https:\/\/raadio.elva.ee\/index.php?rest_route=\/wp\/v2\/users\/2"}],"replies":[{"embeddable":true,"href":"https:\/\/raadio.elva.ee\/index.php?rest_route=%2Fwp%2Fv2%2Fcomments&post=836"}],"version-history":[{"count":1,"href":"https:\/\/raadio.elva.ee\/index.php?rest_route=\/wp\/v2\/posts\/836\/revisions"}],"predecessor-version":[{"id":839,"href":"https:\/\/raadio.elva.ee\/index.php?rest_route=\/wp\/v2\/posts\/836\/revisions\/839"}],"wp:featuredmedia":[{"embeddable":true,"href":"https:\/\/raadio.elva.ee\/index.php?rest_route=\/wp\/v2\/media\/838"}],"wp:attachment":[{"href":"https:\/\/raadio.elva.ee\/index.php?rest_route=%2Fwp%2Fv2%2Fmedia&parent=836"}],"wp:term":[{"taxonomy":"category","embeddable":true,"href":"https:\/\/raadio.elva.ee\/index.php?rest_route=%2Fwp%2Fv2%2Fcategories&post=836"},{"taxonomy":"post_tag","embeddable":true,"href":"https:\/\/raadio.elva.ee\/index.php?rest_route=%2Fwp%2Fv2%2Ftags&post=836"}],"curies":[{"name":"wp","href":"https:\/\/api.w.org\/{rel}","templated":true}]}}