{"id":814,"date":"2025-03-19T10:51:42","date_gmt":"2025-03-19T10:51:42","guid":{"rendered":"https:\/\/raadio.elva.ee\/?p=814"},"modified":"2025-03-19T10:51:42","modified_gmt":"2025-03-19T10:51:42","slug":"milvi-sepp-ja-leini-laars-raagivad-puhja-paevakeskuse-ja-puhja-raamatukogu-tegmistest-ja-uutest-ruumidest","status":"publish","type":"post","link":"https:\/\/raadio.elva.ee\/?p=814","title":{"rendered":"Milvi Sepp ja Leini Laars r\u00e4\u00e4givad Puhja P\u00e4evakeskuse ja Puhja Raamatukogu tegmistest ja uutest ruumidest."},"content":{"rendered":"\n<figure class=\"wp-block-audio\"><audio controls src=\"https:\/\/raadio.elva.ee\/wp-content\/uploads\/2025\/03\/PUHJA-RAAMATUKOGU-JA-PAEBAKESKUS-VALMIS.mp3\"><\/audio><\/figure>\n","protected":false},"excerpt":{"rendered":"","protected":false},"author":2,"featured_media":816,"comment_status":"closed","ping_status":"closed","sticky":false,"template":"","format":"standard","meta":{"footnotes":""},"categories":[1],"tags":[],"class_list":["post-814","post","type-post","status-publish","format-standard","has-post-thumbnail","hentry","category-kultuur"],"_links":{"self":[{"href":"https:\/\/raadio.elva.ee\/index.php?rest_route=\/wp\/v2\/posts\/814","targetHints":{"allow":["GET"]}}],"collection":[{"href":"https:\/\/raadio.elva.ee\/index.php?rest_route=\/wp\/v2\/posts"}],"about":[{"href":"https:\/\/raadio.elva.ee\/index.php?rest_route=\/wp\/v2\/types\/post"}],"author":[{"embeddable":true,"href":"https:\/\/raadio.elva.ee\/index.php?rest_route=\/wp\/v2\/users\/2"}],"replies":[{"embeddable":true,"href":"https:\/\/raadio.elva.ee\/index.php?rest_route=%2Fwp%2Fv2%2Fcomments&post=814"}],"version-history":[{"count":1,"href":"https:\/\/raadio.elva.ee\/index.php?rest_route=\/wp\/v2\/posts\/814\/revisions"}],"predecessor-version":[{"id":817,"href":"https:\/\/raadio.elva.ee\/index.php?rest_route=\/wp\/v2\/posts\/814\/revisions\/817"}],"wp:featuredmedia":[{"embeddable":true,"href":"https:\/\/raadio.elva.ee\/index.php?rest_route=\/wp\/v2\/media\/816"}],"wp:attachment":[{"href":"https:\/\/raadio.elva.ee\/index.php?rest_route=%2Fwp%2Fv2%2Fmedia&parent=814"}],"wp:term":[{"taxonomy":"category","embeddable":true,"href":"https:\/\/raadio.elva.ee\/index.php?rest_route=%2Fwp%2Fv2%2Fcategories&post=814"},{"taxonomy":"post_tag","embeddable":true,"href":"https:\/\/raadio.elva.ee\/index.php?rest_route=%2Fwp%2Fv2%2Ftags&post=814"}],"curies":[{"name":"wp","href":"https:\/\/api.w.org\/{rel}","templated":true}]}}