{"id":386,"date":"2022-07-27T12:04:02","date_gmt":"2022-07-27T12:04:02","guid":{"rendered":"https:\/\/raadio.elva.ee\/?p=386"},"modified":"2022-07-27T12:04:03","modified_gmt":"2022-07-27T12:04:03","slug":"liina-laaser-kutsub-osa-votma-unustatud-moisade-kulastusmangust-aakres-ja-paluperas","status":"publish","type":"post","link":"https:\/\/raadio.elva.ee\/?p=386","title":{"rendered":"Liina Laaser kutsub osa v\u00f5tma Unustatud M\u00f5isade k\u00fclastusm\u00e4ngust Aakres ja Paluperas"},"content":{"rendered":"\n<figure class=\"wp-block-audio\"><audio controls src=\"https:\/\/raadio.elva.ee\/wp-content\/uploads\/2022\/07\/MOISADE-INTERVJUU.mp3\"><\/audio><\/figure>\n","protected":false},"excerpt":{"rendered":"","protected":false},"author":2,"featured_media":388,"comment_status":"closed","ping_status":"closed","sticky":false,"template":"","format":"standard","meta":{"footnotes":""},"categories":[1],"tags":[],"class_list":["post-386","post","type-post","status-publish","format-standard","has-post-thumbnail","hentry","category-kultuur"],"_links":{"self":[{"href":"https:\/\/raadio.elva.ee\/index.php?rest_route=\/wp\/v2\/posts\/386","targetHints":{"allow":["GET"]}}],"collection":[{"href":"https:\/\/raadio.elva.ee\/index.php?rest_route=\/wp\/v2\/posts"}],"about":[{"href":"https:\/\/raadio.elva.ee\/index.php?rest_route=\/wp\/v2\/types\/post"}],"author":[{"embeddable":true,"href":"https:\/\/raadio.elva.ee\/index.php?rest_route=\/wp\/v2\/users\/2"}],"replies":[{"embeddable":true,"href":"https:\/\/raadio.elva.ee\/index.php?rest_route=%2Fwp%2Fv2%2Fcomments&post=386"}],"version-history":[{"count":1,"href":"https:\/\/raadio.elva.ee\/index.php?rest_route=\/wp\/v2\/posts\/386\/revisions"}],"predecessor-version":[{"id":389,"href":"https:\/\/raadio.elva.ee\/index.php?rest_route=\/wp\/v2\/posts\/386\/revisions\/389"}],"wp:featuredmedia":[{"embeddable":true,"href":"https:\/\/raadio.elva.ee\/index.php?rest_route=\/wp\/v2\/media\/388"}],"wp:attachment":[{"href":"https:\/\/raadio.elva.ee\/index.php?rest_route=%2Fwp%2Fv2%2Fmedia&parent=386"}],"wp:term":[{"taxonomy":"category","embeddable":true,"href":"https:\/\/raadio.elva.ee\/index.php?rest_route=%2Fwp%2Fv2%2Fcategories&post=386"},{"taxonomy":"post_tag","embeddable":true,"href":"https:\/\/raadio.elva.ee\/index.php?rest_route=%2Fwp%2Fv2%2Ftags&post=386"}],"curies":[{"name":"wp","href":"https:\/\/api.w.org\/{rel}","templated":true}]}}